{"id":1476,"date":"2014-04-15T09:11:00","date_gmt":"2014-04-15T08:11:00","guid":{"rendered":"http:\/\/cpallo.educacion.navarra.es\/blog\/?p=1476"},"modified":"2014-04-15T09:11:37","modified_gmt":"2014-04-15T08:11:37","slug":"iv-jornadas-de-las-escuelas-rurales-de-navarra","status":"publish","type":"post","link":"https:\/\/cpallo.educacion.navarra.es\/blog\/blog\/2014\/04\/15\/iv-jornadas-de-las-escuelas-rurales-de-navarra\/","title":{"rendered":"IV Jornadas de las Escuelas Rurales de Navarra"},"content":{"rendered":"<p><span style=\"color: #000000;\"><a href=\"https:\/\/cpallo.educacion.navarra.es\/blog\/wp-content\/uploads\/2014\/04\/Cartel-IV-Jornadaskartela-jardunaldiak-14-armarriekin.jpg\"><img loading=\"lazy\" class=\"alignleft size-medium wp-image-1477\" alt=\"\" src=\"https:\/\/cpallo.educacion.navarra.es\/blog\/wp-content\/uploads\/2014\/04\/Cartel-IV-Jornadaskartela-jardunaldiak-14-armarriekin-212x300.jpg\" width=\"212\" height=\"300\" \/><\/a>Se ha abierto el plazo de inscripci\u00f3n para participar en las IV Jornadas de las Escuelas Rurales de Navarra, que se celebrar\u00e1n en Lesaka el pr\u00f3ximo s\u00e1bado 17 de mayo y a las que pueden asistir profesorado, alumnado de Magisterio y familias que lo deseen.<br \/>\n<\/span><\/p>\n<p><span style=\"color: #000000;\">Os dejamos un enlace con la informaci\u00f3n de las ponencias y otro enlace para la inscripci\u00f3n. Plazo de inscripci\u00f3n: Desde el 1 de abril hasta el 7 de mayo de 2014.<\/span><\/p>\n<p><a href=\"https:\/\/drive.google.com\/file\/d\/0B24xq14lHUt9MDF2UEFFR1pFc0k\/edit?usp=sharing\" target=\"_blank\">ENLACE INFO JORNADAS<\/a><\/p>\n<p><a href=\"https:\/\/docs.google.com\/a\/educacion.navarra.es\/spreadsheet\/viewform?usp=drive_web&amp;formkey=dFNwZTlkWGNZbUJaYVBxWE9ZallLZkE6MA#gid=0\" target=\"_blank\">ENLACE INSCRIPCI\u00d3N<\/a><\/p>\n","protected":false},"excerpt":{"rendered":"<p>Se ha abierto el plazo de inscripci\u00f3n para participar en las IV Jornadas de las Escuelas Rurales de Navarra, que se celebrar\u00e1n en Lesaka el pr\u00f3ximo s\u00e1bado 17 de mayo y a las que pueden asistir profesorado, alumnado de Magisterio y familias que lo deseen. Os dejamos un enlace con la informaci\u00f3n de las ponencias y otro enlace para la<\/p>\n","protected":false},"author":10,"featured_media":0,"comment_status":"open","ping_status":"open","sticky":false,"template":"","format":"standard","meta":[],"categories":[1],"tags":[],"_links":{"self":[{"href":"https:\/\/cpallo.educacion.navarra.es\/blog\/wp-json\/wp\/v2\/posts\/1476"}],"collection":[{"href":"https:\/\/cpallo.educacion.navarra.es\/blog\/wp-json\/wp\/v2\/posts"}],"about":[{"href":"https:\/\/cpallo.educacion.navarra.es\/blog\/wp-json\/wp\/v2\/types\/post"}],"author":[{"embeddable":true,"href":"https:\/\/cpallo.educacion.navarra.es\/blog\/wp-json\/wp\/v2\/users\/10"}],"replies":[{"embeddable":true,"href":"https:\/\/cpallo.educacion.navarra.es\/blog\/wp-json\/wp\/v2\/comments?post=1476"}],"version-history":[{"count":2,"href":"https:\/\/cpallo.educacion.navarra.es\/blog\/wp-json\/wp\/v2\/posts\/1476\/revisions"}],"predecessor-version":[{"id":1479,"href":"https:\/\/cpallo.educacion.navarra.es\/blog\/wp-json\/wp\/v2\/posts\/1476\/revisions\/1479"}],"wp:attachment":[{"href":"https:\/\/cpallo.educacion.navarra.es\/blog\/wp-json\/wp\/v2\/media?parent=1476"}],"wp:term":[{"taxonomy":"category","embeddable":true,"href":"https:\/\/cpallo.educacion.navarra.es\/blog\/wp-json\/wp\/v2\/categories?post=1476"},{"taxonomy":"post_tag","embeddable":true,"href":"https:\/\/cpallo.educacion.navarra.es\/blog\/wp-json\/wp\/v2\/tags?post=1476"}],"curies":[{"name":"wp","href":"https:\/\/api.w.org\/{rel}","templated":true}]}}