{"id":373,"date":"2022-10-28T11:25:39","date_gmt":"2022-10-28T11:25:39","guid":{"rendered":"https:\/\/cpallo.educacion.navarra.es\/blog\/musica\/?p=373"},"modified":"2022-10-28T11:27:52","modified_gmt":"2022-10-28T11:27:52","slug":"happy-halloween","status":"publish","type":"post","link":"https:\/\/cpallo.educacion.navarra.es\/blog\/musica\/2022\/10\/28\/happy-halloween\/","title":{"rendered":"Happy Halloween"},"content":{"rendered":"\n<p>This is Halloween!<\/p>\n\n\n\n<p>Aprovechando el tir\u00f3n de esta celebraci\u00f3n cada vez m\u00e1s internacional, hemos trabajado el baile y la expresi\u00f3n corporal a ritmo de una marchosa canci\u00f3n. Os dejamos el v\u00eddeo de los alumnos y alumnas de 1\u00ba de Primaria con sus m\u00e1scaras terror\u00edficas. Esperamos que os guste.<\/p>\n\n\n\n<div class=\"wp-container-1 wp-block-buttons\">\n<div class=\"wp-block-button\"><a class=\"wp-block-button__link\" href=\"https:\/\/drive.google.com\/file\/d\/1fmE1kwEOrPeCQm0RFk8AkpOYkq8aWw1S\/view?usp=sharing\">Pulsa aqu\u00ed para ver el v\u00eddeo<\/a><\/div>\n<\/div>\n","protected":false},"excerpt":{"rendered":"<p>This is Halloween! Aprovechando el tir\u00f3n de esta celebraci\u00f3n cada vez m\u00e1s internacional, hemos trabajado el baile y la expresi\u00f3n corporal a ritmo de una marchosa canci\u00f3n. Os dejamos el v\u00eddeo de los alumnos y alumnas de 1\u00ba de Primaria con sus m\u00e1scaras terror\u00edficas. Esperamos que os guste.<\/p>\n","protected":false},"author":20,"featured_media":0,"comment_status":"open","ping_status":"open","sticky":false,"template":"","format":"standard","meta":[],"categories":[1],"tags":[],"_links":{"self":[{"href":"https:\/\/cpallo.educacion.navarra.es\/blog\/musica\/wp-json\/wp\/v2\/posts\/373"}],"collection":[{"href":"https:\/\/cpallo.educacion.navarra.es\/blog\/musica\/wp-json\/wp\/v2\/posts"}],"about":[{"href":"https:\/\/cpallo.educacion.navarra.es\/blog\/musica\/wp-json\/wp\/v2\/types\/post"}],"author":[{"embeddable":true,"href":"https:\/\/cpallo.educacion.navarra.es\/blog\/musica\/wp-json\/wp\/v2\/users\/20"}],"replies":[{"embeddable":true,"href":"https:\/\/cpallo.educacion.navarra.es\/blog\/musica\/wp-json\/wp\/v2\/comments?post=373"}],"version-history":[{"count":3,"href":"https:\/\/cpallo.educacion.navarra.es\/blog\/musica\/wp-json\/wp\/v2\/posts\/373\/revisions"}],"predecessor-version":[{"id":376,"href":"https:\/\/cpallo.educacion.navarra.es\/blog\/musica\/wp-json\/wp\/v2\/posts\/373\/revisions\/376"}],"wp:attachment":[{"href":"https:\/\/cpallo.educacion.navarra.es\/blog\/musica\/wp-json\/wp\/v2\/media?parent=373"}],"wp:term":[{"taxonomy":"category","embeddable":true,"href":"https:\/\/cpallo.educacion.navarra.es\/blog\/musica\/wp-json\/wp\/v2\/categories?post=373"},{"taxonomy":"post_tag","embeddable":true,"href":"https:\/\/cpallo.educacion.navarra.es\/blog\/musica\/wp-json\/wp\/v2\/tags?post=373"}],"curies":[{"name":"wp","href":"https:\/\/api.w.org\/{rel}","templated":true}]}}