{"id":236,"date":"2015-05-21T14:43:37","date_gmt":"2015-05-21T14:43:37","guid":{"rendered":"http:\/\/cpallo.educacion.navarra.es\/blog\/musica\/?p=236"},"modified":"2015-05-21T14:43:37","modified_gmt":"2015-05-21T14:43:37","slug":"proyecto-de-peru","status":"publish","type":"post","link":"https:\/\/cpallo.educacion.navarra.es\/blog\/musica\/2015\/05\/21\/proyecto-de-peru\/","title":{"rendered":"Proyecto de Per\u00fa"},"content":{"rendered":"<p>A lo largo del 2\u00ba trimestre hemos realizado todo el colegio un proyecto de Educaci\u00f3n para el Desarrollo. Hemos aprendido muchas cosas del Valle del Colca (Per\u00fa). En m\u00fasica hemos aprendido la canci\u00f3n \u00abEl ni\u00f1o Inca\u00bb, hemos construido una peque\u00f1a flauta de pan con pajitas, hemos aprendido los instrumentos t\u00edpicos de Per\u00fa y hemos bailado la danza t\u00edpica de Arequipa, el Wititi.<br \/>\nAqu\u00ed pod\u00e9is ver el resultado final de la canci\u00f3n y la danza.<\/p>\n<p><iframe loading=\"lazy\" width=\"560\" height=\"315\" src=\"https:\/\/www.youtube.com\/embed\/q2ZF8vNnKMg\" frameborder=\"0\" allowfullscreen><\/iframe><\/p>\n<p><iframe loading=\"lazy\" width=\"560\" height=\"315\" src=\"https:\/\/www.youtube.com\/embed\/YKkSilRREm0\" frameborder=\"0\" allowfullscreen><\/iframe><\/p>\n","protected":false},"excerpt":{"rendered":"<p>A lo largo del 2\u00ba trimestre hemos realizado todo el colegio un proyecto de Educaci\u00f3n para el Desarrollo. Hemos aprendido muchas cosas del Valle del Colca (Per\u00fa). En m\u00fasica hemos aprendido la canci\u00f3n \u00abEl ni\u00f1o Inca\u00bb, hemos construido una peque\u00f1a flauta de pan con pajitas, hemos aprendido los instrumentos t\u00edpicos de Per\u00fa y hemos bailado &hellip; <\/p>\n<p><a class=\"more-link btn\" href=\"https:\/\/cpallo.educacion.navarra.es\/blog\/musica\/2015\/05\/21\/proyecto-de-peru\/\">Continue reading<\/a><\/p>\n","protected":false},"author":13,"featured_media":0,"comment_status":"open","ping_status":"open","sticky":false,"template":"","format":"standard","meta":[],"categories":[1],"tags":[],"_links":{"self":[{"href":"https:\/\/cpallo.educacion.navarra.es\/blog\/musica\/wp-json\/wp\/v2\/posts\/236"}],"collection":[{"href":"https:\/\/cpallo.educacion.navarra.es\/blog\/musica\/wp-json\/wp\/v2\/posts"}],"about":[{"href":"https:\/\/cpallo.educacion.navarra.es\/blog\/musica\/wp-json\/wp\/v2\/types\/post"}],"author":[{"embeddable":true,"href":"https:\/\/cpallo.educacion.navarra.es\/blog\/musica\/wp-json\/wp\/v2\/users\/13"}],"replies":[{"embeddable":true,"href":"https:\/\/cpallo.educacion.navarra.es\/blog\/musica\/wp-json\/wp\/v2\/comments?post=236"}],"version-history":[{"count":1,"href":"https:\/\/cpallo.educacion.navarra.es\/blog\/musica\/wp-json\/wp\/v2\/posts\/236\/revisions"}],"predecessor-version":[{"id":237,"href":"https:\/\/cpallo.educacion.navarra.es\/blog\/musica\/wp-json\/wp\/v2\/posts\/236\/revisions\/237"}],"wp:attachment":[{"href":"https:\/\/cpallo.educacion.navarra.es\/blog\/musica\/wp-json\/wp\/v2\/media?parent=236"}],"wp:term":[{"taxonomy":"category","embeddable":true,"href":"https:\/\/cpallo.educacion.navarra.es\/blog\/musica\/wp-json\/wp\/v2\/categories?post=236"},{"taxonomy":"post_tag","embeddable":true,"href":"https:\/\/cpallo.educacion.navarra.es\/blog\/musica\/wp-json\/wp\/v2\/tags?post=236"}],"curies":[{"name":"wp","href":"https:\/\/api.w.org\/{rel}","templated":true}]}}