{"id":820,"date":"2020-04-20T08:55:54","date_gmt":"2020-04-20T08:55:54","guid":{"rendered":"http:\/\/cpallo.educacion.navarra.es\/blog\/infantil\/?p=820"},"modified":"2020-04-20T08:55:54","modified_gmt":"2020-04-20T08:55:54","slug":"logico-matematicas","status":"publish","type":"post","link":"https:\/\/cpallo.educacion.navarra.es\/blog\/infantil\/2020\/04\/20\/logico-matematicas\/","title":{"rendered":"L\u00d3GICO-MATEM\u00c1TICAS"},"content":{"rendered":"\n<p><\/p>\n\n\n\n<figure class=\"wp-block-image size-large\"><img loading=\"lazy\" width=\"1024\" height=\"768\" src=\"https:\/\/cpallo.educacion.navarra.es\/blog\/infantil\/files\/2020\/04\/IMG_20200109_095924-min-1024x768.jpg\" alt=\"\" class=\"wp-image-821\" srcset=\"https:\/\/cpallo.educacion.navarra.es\/blog\/infantil\/files\/2020\/04\/IMG_20200109_095924-min-1024x768.jpg 1024w, https:\/\/cpallo.educacion.navarra.es\/blog\/infantil\/files\/2020\/04\/IMG_20200109_095924-min-300x225.jpg 300w, https:\/\/cpallo.educacion.navarra.es\/blog\/infantil\/files\/2020\/04\/IMG_20200109_095924-min-768x576.jpg 768w, https:\/\/cpallo.educacion.navarra.es\/blog\/infantil\/files\/2020\/04\/IMG_20200109_095924-min-1536x1152.jpg 1536w, https:\/\/cpallo.educacion.navarra.es\/blog\/infantil\/files\/2020\/04\/IMG_20200109_095924-min-2048x1536.jpg 2048w, https:\/\/cpallo.educacion.navarra.es\/blog\/infantil\/files\/2020\/04\/IMG_20200109_095924-min-400x300.jpg 400w\" sizes=\"(max-width: 1024px) 100vw, 1024px\" \/><\/figure>\n\n\n\n<p> Son numerosos los momentos en los que, de manera espont\u00e1nea, trabajamos la l\u00f3gica-matem\u00e1tica en clase todos juntos. Pero tambi\u00e9n hay otros en los que Aitana, Adam, Samar y Zayra trabajan el libro de mate con Samantha. En estos ratos Mohamed Ali, Ayoub, Paula y Oscar han aprendido un mont\u00f3n de cosas sobre: numeraci\u00f3n, n\u00famero anterior y posterior, descomposici\u00f3n num\u00e9rica, cuerpos geom\u00e9tricos, sumas y restas, resoluci\u00f3n de problemas, series, puzzles&#8230;  \u00a1Todos han hecho un gran trabajo!<\/p>\n\n\n\n<p><\/p>\n","protected":false},"excerpt":{"rendered":"<p>Son numerosos los momentos en los que, de manera espont\u00e1nea, trabajamos la l\u00f3gica-matem\u00e1tica en clase todos juntos. Pero tambi\u00e9n hay otros en los que Aitana, Adam, Samar y Zayra trabajan el libro de mate con Samantha. En estos ratos Mohamed &hellip; <a href=\"https:\/\/cpallo.educacion.navarra.es\/blog\/infantil\/2020\/04\/20\/logico-matematicas\/\">Sigue leyendo <span class=\"meta-nav\">&rarr;<\/span><\/a><\/p>\n","protected":false},"author":37,"featured_media":0,"comment_status":"open","ping_status":"open","sticky":false,"template":"","format":"standard","meta":[],"categories":[1],"tags":[],"_links":{"self":[{"href":"https:\/\/cpallo.educacion.navarra.es\/blog\/infantil\/wp-json\/wp\/v2\/posts\/820"}],"collection":[{"href":"https:\/\/cpallo.educacion.navarra.es\/blog\/infantil\/wp-json\/wp\/v2\/posts"}],"about":[{"href":"https:\/\/cpallo.educacion.navarra.es\/blog\/infantil\/wp-json\/wp\/v2\/types\/post"}],"author":[{"embeddable":true,"href":"https:\/\/cpallo.educacion.navarra.es\/blog\/infantil\/wp-json\/wp\/v2\/users\/37"}],"replies":[{"embeddable":true,"href":"https:\/\/cpallo.educacion.navarra.es\/blog\/infantil\/wp-json\/wp\/v2\/comments?post=820"}],"version-history":[{"count":1,"href":"https:\/\/cpallo.educacion.navarra.es\/blog\/infantil\/wp-json\/wp\/v2\/posts\/820\/revisions"}],"predecessor-version":[{"id":822,"href":"https:\/\/cpallo.educacion.navarra.es\/blog\/infantil\/wp-json\/wp\/v2\/posts\/820\/revisions\/822"}],"wp:attachment":[{"href":"https:\/\/cpallo.educacion.navarra.es\/blog\/infantil\/wp-json\/wp\/v2\/media?parent=820"}],"wp:term":[{"taxonomy":"category","embeddable":true,"href":"https:\/\/cpallo.educacion.navarra.es\/blog\/infantil\/wp-json\/wp\/v2\/categories?post=820"},{"taxonomy":"post_tag","embeddable":true,"href":"https:\/\/cpallo.educacion.navarra.es\/blog\/infantil\/wp-json\/wp\/v2\/tags?post=820"}],"curies":[{"name":"wp","href":"https:\/\/api.w.org\/{rel}","templated":true}]}}