{"id":649,"date":"2020-03-14T17:52:00","date_gmt":"2020-03-14T17:52:00","guid":{"rendered":"http:\/\/cpallo.educacion.navarra.es\/blog\/infantil\/?p=649"},"modified":"2020-03-18T18:24:56","modified_gmt":"2020-03-18T18:24:56","slug":"en-carnaval-de-gatos","status":"publish","type":"post","link":"https:\/\/cpallo.educacion.navarra.es\/blog\/infantil\/2020\/03\/14\/en-carnaval-de-gatos\/","title":{"rendered":"EN CARNAVAL, DE GATOS"},"content":{"rendered":"\n<figure class=\"wp-block-image size-large is-resized\"><img loading=\"lazy\" src=\"https:\/\/cpallo.educacion.navarra.es\/blog\/infantil\/files\/2020\/03\/Copia-de-20200221_132523-806x604-1.jpg\" alt=\"\" class=\"wp-image-650\" width=\"399\" height=\"301\"\/><figcaption>As\u00ed nos llaman a los de Allo&#8230; \u00a1Gatos!<\/figcaption><\/figure>\n\n\n\n<p>Siguiendo nuestro proyecto, aprovechamos la ocasi\u00f3n del carnaval para conocer un poquito m\u00e1s de nuestro pueblo y sus habitantes. As\u00ed nos llaman a los de Allo &#8230; \u00a1Gatos! Este fue nuestro disfraz en la clase de 2\u00ba.   Rodeados de dinosaurios, pintores y animales, todo el alumnado de infantil se junt\u00f3 y bail\u00f3 sin parar hasta la hora de irse a casa. <\/p>\n\n\n\n<p>Si <a rel=\"noreferrer noopener\" aria-label=\"PINCHAS AQU\u00cd (se abre en una nueva pesta\u00f1a)\" href=\"https:\/\/photos.app.goo.gl\/b9Ey6cWShRETrZdY7\" target=\"_blank\">PINCHAS AQU\u00cd<\/a>, podr\u00e1s ver m\u00e1s fotos de la fiesta de carnaval, as\u00ed como de la realizaci\u00f3n y preparaci\u00f3n del disfraz. Gracias a las familias por la ayuda con los complementos.<\/p>\n","protected":false},"excerpt":{"rendered":"<p>Siguiendo nuestro proyecto, aprovechamos la ocasi\u00f3n del carnaval para conocer un poquito m\u00e1s de nuestro pueblo y sus habitantes. As\u00ed nos llaman a los de Allo &#8230; \u00a1Gatos! Este fue nuestro disfraz en la clase de 2\u00ba. Rodeados de dinosaurios, &hellip; <a href=\"https:\/\/cpallo.educacion.navarra.es\/blog\/infantil\/2020\/03\/14\/en-carnaval-de-gatos\/\">Sigue leyendo <span class=\"meta-nav\">&rarr;<\/span><\/a><\/p>\n","protected":false},"author":37,"featured_media":0,"comment_status":"open","ping_status":"open","sticky":false,"template":"","format":"standard","meta":[],"categories":[1],"tags":[],"_links":{"self":[{"href":"https:\/\/cpallo.educacion.navarra.es\/blog\/infantil\/wp-json\/wp\/v2\/posts\/649"}],"collection":[{"href":"https:\/\/cpallo.educacion.navarra.es\/blog\/infantil\/wp-json\/wp\/v2\/posts"}],"about":[{"href":"https:\/\/cpallo.educacion.navarra.es\/blog\/infantil\/wp-json\/wp\/v2\/types\/post"}],"author":[{"embeddable":true,"href":"https:\/\/cpallo.educacion.navarra.es\/blog\/infantil\/wp-json\/wp\/v2\/users\/37"}],"replies":[{"embeddable":true,"href":"https:\/\/cpallo.educacion.navarra.es\/blog\/infantil\/wp-json\/wp\/v2\/comments?post=649"}],"version-history":[{"count":1,"href":"https:\/\/cpallo.educacion.navarra.es\/blog\/infantil\/wp-json\/wp\/v2\/posts\/649\/revisions"}],"predecessor-version":[{"id":651,"href":"https:\/\/cpallo.educacion.navarra.es\/blog\/infantil\/wp-json\/wp\/v2\/posts\/649\/revisions\/651"}],"wp:attachment":[{"href":"https:\/\/cpallo.educacion.navarra.es\/blog\/infantil\/wp-json\/wp\/v2\/media?parent=649"}],"wp:term":[{"taxonomy":"category","embeddable":true,"href":"https:\/\/cpallo.educacion.navarra.es\/blog\/infantil\/wp-json\/wp\/v2\/categories?post=649"},{"taxonomy":"post_tag","embeddable":true,"href":"https:\/\/cpallo.educacion.navarra.es\/blog\/infantil\/wp-json\/wp\/v2\/tags?post=649"}],"curies":[{"name":"wp","href":"https:\/\/api.w.org\/{rel}","templated":true}]}}