{"id":24,"date":"2021-04-22T09:06:55","date_gmt":"2021-04-22T09:06:55","guid":{"rendered":"http:\/\/cpallo.educacion.navarra.es\/blog\/efisica\/?p=24"},"modified":"2021-06-25T11:39:34","modified_gmt":"2021-06-25T11:39:34","slug":"24","status":"publish","type":"post","link":"https:\/\/cpallo.educacion.navarra.es\/blog\/efisica\/2021\/04\/22\/24\/","title":{"rendered":"ACROSPORT"},"content":{"rendered":"\n<figure class=\"wp-block-image size-large is-resized\"><img loading=\"lazy\" src=\"https:\/\/cpallo.educacion.navarra.es\/blog\/efisica\/files\/2021\/04\/acrosport-121119120911-phpapp01-thumbnail-4.jpg\" alt=\"\" class=\"wp-image-25\" width=\"374\" height=\"280\" srcset=\"https:\/\/cpallo.educacion.navarra.es\/blog\/efisica\/files\/2021\/04\/acrosport-121119120911-phpapp01-thumbnail-4.jpg 768w, https:\/\/cpallo.educacion.navarra.es\/blog\/efisica\/files\/2021\/04\/acrosport-121119120911-phpapp01-thumbnail-4-300x225.jpg 300w\" sizes=\"(max-width: 374px) 100vw, 374px\" \/><\/figure>\n\n\n\n<p>\u00a1Hola alumnado de 5\u00ba y 6\u00ba! <\/p>\n\n\n\n<p>Os dejo las fotos de la primera sesi\u00f3n de la Unidad Did\u00e1ctica de Acrosport.<\/p>\n\n\n\n<p><\/p>\n\n\n\n<p><span class=\"has-inline-color has-vivid-red-color\"><a href=\"https:\/\/drive.google.com\/drive\/folders\/1YzDWltV4UmtZ1Bh6GKwuc00Y8QFCV4p1?usp=sharing\">FOTOS<\/a> 1\u00aa SESI\u00d3N<\/span><\/p>\n\n\n\n<p>Buenas chicas y chicos de 5\u00ba y 6\u00ba ya tenemos las fotos de vuestras creaciones de la segunda sesi\u00f3n de Acrosport. Pincha en:<\/p>\n\n\n\n<p><a href=\"https:\/\/drive.google.com\/drive\/folders\/18yVbGmRmS2Wdat7Dtrg_RggK1CyBP4ly?usp=sharing\"><span class=\"has-inline-color has-luminous-vivid-amber-color\">FOTOS 2\u00aa SESI\u00d3N<\/span><\/a><\/p>\n\n\n\n<p><\/p>\n\n\n\n<p>\u00a1\u00a1Bueno, esto funciona!! Ya estamos en la tercer sesi\u00f3n y cada vez resulta m\u00e1s complicado. Os dejo las fotos de vuestras creaciones.<\/p>\n\n\n\n<p><\/p>\n\n\n\n<p><a href=\"https:\/\/drive.google.com\/drive\/folders\/19TknPJy9XMoeJZWRvRqu0GOLPOqiFBIq?usp=sharing\"><span class=\"has-inline-color has-light-green-cyan-color\">FOTOS 3\u00aa SESI\u00d3N<\/span><\/a><\/p>\n\n\n\n<p>Y como resultado final de vuestro esfuerzo aqu\u00ed ten\u00e9is las vuestras creaciones:<\/p>\n\n\n\n<p><a href=\"https:\/\/drive.google.com\/drive\/folders\/1ZQN8z3DeeKP83UxZYbdWwYRaCK5edYvC?usp=sharing\"><span class=\"has-inline-color has-vivid-purple-color\">V\u00cdDEOS \u00daLTIMA SESI\u00d3N<\/span><\/a><\/p>\n\n\n\n<p><\/p>\n","protected":false},"excerpt":{"rendered":"<p>\u00a1Hola alumnado de 5\u00ba y 6\u00ba! Os dejo las fotos de la primera sesi\u00f3n de la Unidad Did\u00e1ctica de Acrosport. FOTOS 1\u00aa SESI\u00d3N Buenas chicas y chicos de 5\u00ba y 6\u00ba ya tenemos las fotos de vuestras creaciones de la segunda sesi\u00f3n de Acrosport. Pincha en: FOTOS 2\u00aa SESI\u00d3N \u00a1\u00a1Bueno, esto funciona!! Ya estamos en &hellip; <\/p>\n<p class=\"link-more\"><a href=\"https:\/\/cpallo.educacion.navarra.es\/blog\/efisica\/2021\/04\/22\/24\/\" class=\"more-link\">Continuar leyendo<span class=\"screen-reader-text\"> \u00abACROSPORT\u00bb<\/span><\/a><\/p>\n","protected":false},"author":51,"featured_media":0,"comment_status":"open","ping_status":"open","sticky":false,"template":"","format":"standard","meta":[],"categories":[1],"tags":[5],"_links":{"self":[{"href":"https:\/\/cpallo.educacion.navarra.es\/blog\/efisica\/wp-json\/wp\/v2\/posts\/24"}],"collection":[{"href":"https:\/\/cpallo.educacion.navarra.es\/blog\/efisica\/wp-json\/wp\/v2\/posts"}],"about":[{"href":"https:\/\/cpallo.educacion.navarra.es\/blog\/efisica\/wp-json\/wp\/v2\/types\/post"}],"author":[{"embeddable":true,"href":"https:\/\/cpallo.educacion.navarra.es\/blog\/efisica\/wp-json\/wp\/v2\/users\/51"}],"replies":[{"embeddable":true,"href":"https:\/\/cpallo.educacion.navarra.es\/blog\/efisica\/wp-json\/wp\/v2\/comments?post=24"}],"version-history":[{"count":7,"href":"https:\/\/cpallo.educacion.navarra.es\/blog\/efisica\/wp-json\/wp\/v2\/posts\/24\/revisions"}],"predecessor-version":[{"id":42,"href":"https:\/\/cpallo.educacion.navarra.es\/blog\/efisica\/wp-json\/wp\/v2\/posts\/24\/revisions\/42"}],"wp:attachment":[{"href":"https:\/\/cpallo.educacion.navarra.es\/blog\/efisica\/wp-json\/wp\/v2\/media?parent=24"}],"wp:term":[{"taxonomy":"category","embeddable":true,"href":"https:\/\/cpallo.educacion.navarra.es\/blog\/efisica\/wp-json\/wp\/v2\/categories?post=24"},{"taxonomy":"post_tag","embeddable":true,"href":"https:\/\/cpallo.educacion.navarra.es\/blog\/efisica\/wp-json\/wp\/v2\/tags?post=24"}],"curies":[{"name":"wp","href":"https:\/\/api.w.org\/{rel}","templated":true}]}}