{"id":388,"date":"2021-12-08T13:19:19","date_gmt":"2021-12-08T13:19:19","guid":{"rendered":"https:\/\/cpallo.educacion.navarra.es\/blog\/d-pai\/?p=388"},"modified":"2021-12-08T13:58:21","modified_gmt":"2021-12-08T13:58:21","slug":"zaldia-el-caballo","status":"publish","type":"post","link":"https:\/\/cpallo.educacion.navarra.es\/blog\/d-pai\/2021\/12\/08\/zaldia-el-caballo\/","title":{"rendered":"ZALDIA &#8211; EL CABALLO"},"content":{"rendered":"\n<p class=\"has-text-align-left\"><strong>Dakizuen bezala, azken asteotan ZALDIA landu dugu. Ikasle batzuen artean interes handia piztu zen animalia honen inguruan, eta horregatik Udazkeneko gaia alde batera utzi eta animalia honi buruz gehiago ikastera ekin genion.<\/strong><\/p>\n\n\n\n<p class=\"has-text-align-left\"><strong>Gaiaren inguruan jarduera pila egin ditugu eta ikasitako guztia hormairudi ezberdinetan isladatu dugu. Azkenik 1. eta 2. mailakoei ikasitako guztia azaldu diegu.<\/strong><\/p>\n\n\n\n<p class=\"has-text-align-left\">Como ya sab\u00e9is estas ultimas semanas hemos trabajado el CABALLO.  Surgi\u00f3 un inter\u00e9s muy grande hacia este animal entre algunos de los alumn@s y por ello dejamos de lado el tema del Oto\u00f1o para aprender m\u00e1s sobre este animal.<\/p>\n\n\n\n<p class=\"has-text-align-left\">Hemos realizado un mont\u00f3n de actividades sobre el tema y hemos reflejado todo lo aprendido en diferentes murales. Para terminar explicamos a los de 1\u00ba y 2\u00ba todo lo aprendido.<\/p>\n\n\n\n<div class=\"wp-block-image\"><figure class=\"alignleft size-large is-resized\"><img loading=\"lazy\" src=\"https:\/\/cpallo.educacion.navarra.es\/blog\/d-pai\/files\/2021\/12\/IMG_20211126_122305-1024x767.jpg\" alt=\"\" class=\"wp-image-389\" width=\"269\" height=\"200\" srcset=\"https:\/\/cpallo.educacion.navarra.es\/blog\/d-pai\/files\/2021\/12\/IMG_20211126_122305-1024x767.jpg 1024w, https:\/\/cpallo.educacion.navarra.es\/blog\/d-pai\/files\/2021\/12\/IMG_20211126_122305-768x575.jpg 768w, https:\/\/cpallo.educacion.navarra.es\/blog\/d-pai\/files\/2021\/12\/IMG_20211126_122305.jpg 1026w\" sizes=\"(max-width: 269px) 100vw, 269px\" \/><\/figure><\/div>\n\n\n\n<div class=\"wp-block-image\"><figure class=\"alignright size-large is-resized\"><img loading=\"lazy\" src=\"https:\/\/cpallo.educacion.navarra.es\/blog\/d-pai\/files\/2021\/12\/IMG_20211119_130726-1-1024x767.jpg\" alt=\"\" class=\"wp-image-391\" width=\"254\" height=\"190\" srcset=\"https:\/\/cpallo.educacion.navarra.es\/blog\/d-pai\/files\/2021\/12\/IMG_20211119_130726-1-1024x767.jpg 1024w, https:\/\/cpallo.educacion.navarra.es\/blog\/d-pai\/files\/2021\/12\/IMG_20211119_130726-1-300x225.jpg 300w, https:\/\/cpallo.educacion.navarra.es\/blog\/d-pai\/files\/2021\/12\/IMG_20211119_130726-1-768x575.jpg 768w, https:\/\/cpallo.educacion.navarra.es\/blog\/d-pai\/files\/2021\/12\/IMG_20211119_130726-1.jpg 1026w\" sizes=\"(max-width: 254px) 100vw, 254px\" \/><\/figure><\/div>\n\n\n\n<p><\/p>\n\n\n\n<p><\/p>\n\n\n\n<p><\/p>\n\n\n\n<p><a rel=\"noreferrer noopener\" href=\"https:\/\/drive.google.com\/drive\/folders\/13MyhwmZ_fSV-e8X2f9zgjMGIaew0k99a?usp=sharing\" target=\"_blank\"><span class=\"has-inline-color has-vivid-cyan-blue-color\">FOTOS -ARGAZKIA<\/span><\/a>K<\/p>\n","protected":false},"excerpt":{"rendered":"<p>Dakizuen bezala, azken asteotan ZALDIA landu dugu. Ikasle batzuen artean interes handia piztu zen animalia honen inguruan, eta horregatik Udazkeneko gaia alde batera utzi eta animalia honi buruz gehiago ikastera ekin genion. Gaiaren inguruan jarduera pila egin ditugu eta ikasitako guztia hormairudi ezberdinetan isladatu dugu. Azkenik 1. eta 2. mailakoei ikasitako guztia azaldu diegu. Como &hellip; <\/p>\n<p class=\"link-more\"><a href=\"https:\/\/cpallo.educacion.navarra.es\/blog\/d-pai\/2021\/12\/08\/zaldia-el-caballo\/\" class=\"more-link\">Continuar leyendo<span class=\"screen-reader-text\"> \u00abZALDIA &#8211; EL CABALLO\u00bb<\/span><\/a><\/p>\n","protected":false},"author":20,"featured_media":0,"comment_status":"open","ping_status":"open","sticky":false,"template":"","format":"standard","meta":[],"categories":[1],"tags":[],"_links":{"self":[{"href":"https:\/\/cpallo.educacion.navarra.es\/blog\/d-pai\/wp-json\/wp\/v2\/posts\/388"}],"collection":[{"href":"https:\/\/cpallo.educacion.navarra.es\/blog\/d-pai\/wp-json\/wp\/v2\/posts"}],"about":[{"href":"https:\/\/cpallo.educacion.navarra.es\/blog\/d-pai\/wp-json\/wp\/v2\/types\/post"}],"author":[{"embeddable":true,"href":"https:\/\/cpallo.educacion.navarra.es\/blog\/d-pai\/wp-json\/wp\/v2\/users\/20"}],"replies":[{"embeddable":true,"href":"https:\/\/cpallo.educacion.navarra.es\/blog\/d-pai\/wp-json\/wp\/v2\/comments?post=388"}],"version-history":[{"count":8,"href":"https:\/\/cpallo.educacion.navarra.es\/blog\/d-pai\/wp-json\/wp\/v2\/posts\/388\/revisions"}],"predecessor-version":[{"id":410,"href":"https:\/\/cpallo.educacion.navarra.es\/blog\/d-pai\/wp-json\/wp\/v2\/posts\/388\/revisions\/410"}],"wp:attachment":[{"href":"https:\/\/cpallo.educacion.navarra.es\/blog\/d-pai\/wp-json\/wp\/v2\/media?parent=388"}],"wp:term":[{"taxonomy":"category","embeddable":true,"href":"https:\/\/cpallo.educacion.navarra.es\/blog\/d-pai\/wp-json\/wp\/v2\/categories?post=388"},{"taxonomy":"post_tag","embeddable":true,"href":"https:\/\/cpallo.educacion.navarra.es\/blog\/d-pai\/wp-json\/wp\/v2\/tags?post=388"}],"curies":[{"name":"wp","href":"https:\/\/api.w.org\/{rel}","templated":true}]}}