{"id":274,"date":"2021-03-21T16:52:27","date_gmt":"2021-03-21T16:52:27","guid":{"rendered":"http:\/\/cpallo.educacion.navarra.es\/blog\/d-pai\/?p=274"},"modified":"2021-03-21T16:52:28","modified_gmt":"2021-03-21T16:52:28","slug":"buztinarekin-modelatzen","status":"publish","type":"post","link":"https:\/\/cpallo.educacion.navarra.es\/blog\/d-pai\/2021\/03\/21\/buztinarekin-modelatzen\/","title":{"rendered":"BUZTINAREKIN MODELATZEN"},"content":{"rendered":"\n<div class=\"wp-block-image\"><figure class=\"aligncenter size-large is-resized\"><img loading=\"lazy\" src=\"https:\/\/cpallo.educacion.navarra.es\/blog\/d-pai\/files\/2021\/03\/IMG_20210302_124407-1024x576.jpg\" alt=\"\" class=\"wp-image-275\" width=\"301\" height=\"169\" srcset=\"https:\/\/cpallo.educacion.navarra.es\/blog\/d-pai\/files\/2021\/03\/IMG_20210302_124407-1024x576.jpg 1024w, https:\/\/cpallo.educacion.navarra.es\/blog\/d-pai\/files\/2021\/03\/IMG_20210302_124407-300x169.jpg 300w, https:\/\/cpallo.educacion.navarra.es\/blog\/d-pai\/files\/2021\/03\/IMG_20210302_124407-768x432.jpg 768w, https:\/\/cpallo.educacion.navarra.es\/blog\/d-pai\/files\/2021\/03\/IMG_20210302_124407.jpg 1365w\" sizes=\"(max-width: 301px) 100vw, 301px\" \/><\/figure><\/div>\n\n\n\n<p>Durante este trimestre los \u00abtxikis\u00bb han tenido la oportunidad de modelar con arcilla.  <\/p>\n\n\n\n<p>El modelado de arcilla es una actividad muy placentera, que tiene multitud de beneficios para el ni\u00f1o\/a. Se trabaja la psicomotricidad fina, la concentraci\u00f3n, sirve para descargar tensiones, dar rienda suelta a la imaginaci\u00f3n, regulaci\u00f3n de emociones, forma de expresi\u00f3n, conceptos pre-matem\u00e1ticos, &#8230; <\/p>\n\n\n\n<p> Disfrutaron mucho con esta actividad.<\/p>\n\n\n\n<p><strong>Hiruhileko honetan haurrak buztinarekin modelatzeko aukera izan dute.  <\/strong><\/p>\n\n\n\n<p><strong>Buztinaren modelaketak gozamen handia sortzen du eta honen lanketak onura asko dakar haurrarengan. Psikomotrizitate fina lantzen da, arreta, tentsioak deskargatzeko balio du, irudimena askatzeko, emozioak erregulatzeko, adierazteko bitarteko bezala, kontzeptu matematikoak, &#8230;<\/strong><\/p>\n\n\n\n<p><strong>Izugarri gozatu zuten jarduera honekin.<\/strong><\/p>\n\n\n\n<p>Argazki gehiago ikusteko sakatu<strong><span class=\"has-inline-color has-vivid-cyan-blue-color\"> <a rel=\"noreferrer noopener\" href=\"https:\/\/drive.google.com\/drive\/folders\/1CXtcg3B0ofVLQs1XjRE0n_EKnYimLwnO?usp=sharing\" target=\"_blank\">hemen<\/a><a href=\"https:\/\/drive.google.com\/drive\/folders\/1CXtcg3B0ofVLQs1XjRE0n_EKnYimLwnO?usp=sharing\"> <\/a>&#8211;<\/span> <\/strong>para ver m\u00e1s fotos<\/p>\n","protected":false},"excerpt":{"rendered":"<p>Durante este trimestre los \u00abtxikis\u00bb han tenido la oportunidad de modelar con arcilla. El modelado de arcilla es una actividad muy placentera, que tiene multitud de beneficios para el ni\u00f1o\/a. Se trabaja la psicomotricidad fina, la concentraci\u00f3n, sirve para descargar tensiones, dar rienda suelta a la imaginaci\u00f3n, regulaci\u00f3n de emociones, forma de expresi\u00f3n, conceptos pre-matem\u00e1ticos, &hellip; <\/p>\n<p class=\"link-more\"><a href=\"https:\/\/cpallo.educacion.navarra.es\/blog\/d-pai\/2021\/03\/21\/buztinarekin-modelatzen\/\" class=\"more-link\">Continuar leyendo<span class=\"screen-reader-text\"> \u00abBUZTINAREKIN MODELATZEN\u00bb<\/span><\/a><\/p>\n","protected":false},"author":20,"featured_media":0,"comment_status":"open","ping_status":"open","sticky":false,"template":"","format":"standard","meta":[],"categories":[1],"tags":[],"_links":{"self":[{"href":"https:\/\/cpallo.educacion.navarra.es\/blog\/d-pai\/wp-json\/wp\/v2\/posts\/274"}],"collection":[{"href":"https:\/\/cpallo.educacion.navarra.es\/blog\/d-pai\/wp-json\/wp\/v2\/posts"}],"about":[{"href":"https:\/\/cpallo.educacion.navarra.es\/blog\/d-pai\/wp-json\/wp\/v2\/types\/post"}],"author":[{"embeddable":true,"href":"https:\/\/cpallo.educacion.navarra.es\/blog\/d-pai\/wp-json\/wp\/v2\/users\/20"}],"replies":[{"embeddable":true,"href":"https:\/\/cpallo.educacion.navarra.es\/blog\/d-pai\/wp-json\/wp\/v2\/comments?post=274"}],"version-history":[{"count":2,"href":"https:\/\/cpallo.educacion.navarra.es\/blog\/d-pai\/wp-json\/wp\/v2\/posts\/274\/revisions"}],"predecessor-version":[{"id":277,"href":"https:\/\/cpallo.educacion.navarra.es\/blog\/d-pai\/wp-json\/wp\/v2\/posts\/274\/revisions\/277"}],"wp:attachment":[{"href":"https:\/\/cpallo.educacion.navarra.es\/blog\/d-pai\/wp-json\/wp\/v2\/media?parent=274"}],"wp:term":[{"taxonomy":"category","embeddable":true,"href":"https:\/\/cpallo.educacion.navarra.es\/blog\/d-pai\/wp-json\/wp\/v2\/categories?post=274"},{"taxonomy":"post_tag","embeddable":true,"href":"https:\/\/cpallo.educacion.navarra.es\/blog\/d-pai\/wp-json\/wp\/v2\/tags?post=274"}],"curies":[{"name":"wp","href":"https:\/\/api.w.org\/{rel}","templated":true}]}}