{"id":47,"date":"2021-02-28T08:07:56","date_gmt":"2021-02-28T08:07:56","guid":{"rendered":"http:\/\/cpallo.educacion.navarra.es\/blog\/ciclo3\/?p=47"},"modified":"2021-02-28T08:16:00","modified_gmt":"2021-02-28T08:16:00","slug":"la-edad-media","status":"publish","type":"post","link":"https:\/\/cpallo.educacion.navarra.es\/blog\/ciclo3\/2021\/02\/28\/la-edad-media\/","title":{"rendered":"La Edad Media"},"content":{"rendered":"\n<p>Hemos estado trabajando en Ciencias Sociales la Edad Media, nos hemos adentrado en la Hispania del siglo IV con la ca\u00edda del Imperio Romano y la posterior conquista de los pueblos germ\u00e1nicos y del Al-\u00c1ndalus y finalmente, la reconquista por parte de los reinos cristianos.<\/p>\n\n\n\n<p>Hemos estado preparando un trabajo que lo hemos expuesto en clase de forma individual y hemos terminado con la realizaci\u00f3n de un Kahoot, \u00a1qu\u00e9 divertido es aprender as\u00ed!<\/p>\n\n\n\n<p><a href=\"https:\/\/drive.google.com\/file\/d\/1tO7nsL-Wqfw8JD8id3n8j3u88r_PNl_k\/view?usp=sharing\" data-type=\"URL\" data-id=\"https:\/\/drive.google.com\/file\/d\/1tO7nsL-Wqfw8JD8id3n8j3u88r_PNl_k\/view?usp=sharing\">VIDEO<\/a><\/p>\n\n\n\n<p><\/p>\n","protected":false},"excerpt":{"rendered":"<p>Hemos estado trabajando en Ciencias Sociales la Edad Media, nos hemos adentrado en la Hispania del siglo IV con la ca\u00edda del Imperio Romano y la posterior conquista de los pueblos germ\u00e1nicos y del Al-\u00c1ndalus y finalmente, la reconquista por &hellip; <a href=\"https:\/\/cpallo.educacion.navarra.es\/blog\/ciclo3\/2021\/02\/28\/la-edad-media\/\">Sigue leyendo <span class=\"meta-nav\">&rarr;<\/span><\/a><\/p>\n","protected":false},"author":48,"featured_media":0,"comment_status":"open","ping_status":"open","sticky":false,"template":"","format":"standard","meta":[],"categories":[1],"tags":[],"_links":{"self":[{"href":"https:\/\/cpallo.educacion.navarra.es\/blog\/ciclo3\/wp-json\/wp\/v2\/posts\/47"}],"collection":[{"href":"https:\/\/cpallo.educacion.navarra.es\/blog\/ciclo3\/wp-json\/wp\/v2\/posts"}],"about":[{"href":"https:\/\/cpallo.educacion.navarra.es\/blog\/ciclo3\/wp-json\/wp\/v2\/types\/post"}],"author":[{"embeddable":true,"href":"https:\/\/cpallo.educacion.navarra.es\/blog\/ciclo3\/wp-json\/wp\/v2\/users\/48"}],"replies":[{"embeddable":true,"href":"https:\/\/cpallo.educacion.navarra.es\/blog\/ciclo3\/wp-json\/wp\/v2\/comments?post=47"}],"version-history":[{"count":3,"href":"https:\/\/cpallo.educacion.navarra.es\/blog\/ciclo3\/wp-json\/wp\/v2\/posts\/47\/revisions"}],"predecessor-version":[{"id":53,"href":"https:\/\/cpallo.educacion.navarra.es\/blog\/ciclo3\/wp-json\/wp\/v2\/posts\/47\/revisions\/53"}],"wp:attachment":[{"href":"https:\/\/cpallo.educacion.navarra.es\/blog\/ciclo3\/wp-json\/wp\/v2\/media?parent=47"}],"wp:term":[{"taxonomy":"category","embeddable":true,"href":"https:\/\/cpallo.educacion.navarra.es\/blog\/ciclo3\/wp-json\/wp\/v2\/categories?post=47"},{"taxonomy":"post_tag","embeddable":true,"href":"https:\/\/cpallo.educacion.navarra.es\/blog\/ciclo3\/wp-json\/wp\/v2\/tags?post=47"}],"curies":[{"name":"wp","href":"https:\/\/api.w.org\/{rel}","templated":true}]}}