{"id":30,"date":"2021-02-21T23:25:29","date_gmt":"2021-02-21T23:25:29","guid":{"rendered":"http:\/\/cpallo.educacion.navarra.es\/blog\/ciclo3\/?p=30"},"modified":"2021-02-22T09:51:18","modified_gmt":"2021-02-22T09:51:18","slug":"carnaval-carnaval","status":"publish","type":"post","link":"https:\/\/cpallo.educacion.navarra.es\/blog\/ciclo3\/2021\/02\/21\/carnaval-carnaval\/","title":{"rendered":"Carnaval carnaval&#8230;"},"content":{"rendered":"\n<p>La semana pasada con motivo de los carnavales dise\u00f1amos en la clase de educaci\u00f3n pl\u00e1stica unas m\u00e1scaras muy bonitas de estilo veneciano que nos transportaban a la misma Italia&#8230;<\/p>\n\n\n\n<p>Arrivederci <\/p>\n\n\n\n<p><a href=\"https:\/\/drive.google.com\/drive\/folders\/1ZMHNFiwJxEdUVJeoVs-wWOVxDitsrUia?usp=sharing\">FOTOS <\/a><\/p>\n\n\n\n<figure class=\"wp-block-gallery columns-0 is-cropped\"><ul class=\"blocks-gallery-grid\"><\/ul><\/figure>\n\n\n\n<p><\/p>\n\n\n\n<p><\/p>\n","protected":false},"excerpt":{"rendered":"<p>La semana pasada con motivo de los carnavales dise\u00f1amos en la clase de educaci\u00f3n pl\u00e1stica unas m\u00e1scaras muy bonitas de estilo veneciano que nos transportaban a la misma Italia&#8230; Arrivederci FOTOS<\/p>\n","protected":false},"author":48,"featured_media":0,"comment_status":"open","ping_status":"open","sticky":false,"template":"","format":"standard","meta":[],"categories":[1],"tags":[],"_links":{"self":[{"href":"https:\/\/cpallo.educacion.navarra.es\/blog\/ciclo3\/wp-json\/wp\/v2\/posts\/30"}],"collection":[{"href":"https:\/\/cpallo.educacion.navarra.es\/blog\/ciclo3\/wp-json\/wp\/v2\/posts"}],"about":[{"href":"https:\/\/cpallo.educacion.navarra.es\/blog\/ciclo3\/wp-json\/wp\/v2\/types\/post"}],"author":[{"embeddable":true,"href":"https:\/\/cpallo.educacion.navarra.es\/blog\/ciclo3\/wp-json\/wp\/v2\/users\/48"}],"replies":[{"embeddable":true,"href":"https:\/\/cpallo.educacion.navarra.es\/blog\/ciclo3\/wp-json\/wp\/v2\/comments?post=30"}],"version-history":[{"count":3,"href":"https:\/\/cpallo.educacion.navarra.es\/blog\/ciclo3\/wp-json\/wp\/v2\/posts\/30\/revisions"}],"predecessor-version":[{"id":45,"href":"https:\/\/cpallo.educacion.navarra.es\/blog\/ciclo3\/wp-json\/wp\/v2\/posts\/30\/revisions\/45"}],"wp:attachment":[{"href":"https:\/\/cpallo.educacion.navarra.es\/blog\/ciclo3\/wp-json\/wp\/v2\/media?parent=30"}],"wp:term":[{"taxonomy":"category","embeddable":true,"href":"https:\/\/cpallo.educacion.navarra.es\/blog\/ciclo3\/wp-json\/wp\/v2\/categories?post=30"},{"taxonomy":"post_tag","embeddable":true,"href":"https:\/\/cpallo.educacion.navarra.es\/blog\/ciclo3\/wp-json\/wp\/v2\/tags?post=30"}],"curies":[{"name":"wp","href":"https:\/\/api.w.org\/{rel}","templated":true}]}}