{"id":27,"date":"2021-02-21T22:40:15","date_gmt":"2021-02-21T22:40:15","guid":{"rendered":"http:\/\/cpallo.educacion.navarra.es\/blog\/ciclo3\/?p=27"},"modified":"2021-02-21T22:40:17","modified_gmt":"2021-02-21T22:40:17","slug":"volvemos-al-cole","status":"publish","type":"post","link":"https:\/\/cpallo.educacion.navarra.es\/blog\/ciclo3\/2021\/02\/21\/volvemos-al-cole\/","title":{"rendered":"Volvemos al cole"},"content":{"rendered":"\n<p>Hemos vuelto al cole aunque este a\u00f1o est\u00e1 siendo un poco diferente ya que nos hemos vuelto a reencontrar despu\u00e9s de estar muchos meses en casa, sin ver a nuestros compa\u00f1er@s  y maestr@s, nos hemos tenido que acostumbrar a ir con mascarillas y no poder vernos las sonrisas y lo m\u00e1s importante, no poder abrazarnos \ud83d\ude22 <\/p>\n\n\n\n<p>Estamos seguros de que lo vamos a hacer muy bien, muchos besos a tod@s <\/p>\n\n\n\n<figure class=\"wp-block-image size-large\"><a href=\"https:\/\/cpallo.educacion.navarra.es\/blog\/ciclo3\/files\/2021\/02\/IMG_8402-rotated.jpg\"><img loading=\"lazy\" width=\"480\" height=\"640\" src=\"https:\/\/cpallo.educacion.navarra.es\/blog\/ciclo3\/files\/2021\/02\/IMG_8402-rotated.jpg\" alt=\"\" class=\"wp-image-28\" srcset=\"https:\/\/cpallo.educacion.navarra.es\/blog\/ciclo3\/files\/2021\/02\/IMG_8402-rotated.jpg 480w, https:\/\/cpallo.educacion.navarra.es\/blog\/ciclo3\/files\/2021\/02\/IMG_8402-225x300.jpg 225w\" sizes=\"(max-width: 480px) 100vw, 480px\" \/><\/a><\/figure>\n","protected":false},"excerpt":{"rendered":"<p>Hemos vuelto al cole aunque este a\u00f1o est\u00e1 siendo un poco diferente ya que nos hemos vuelto a reencontrar despu\u00e9s de estar muchos meses en casa, sin ver a nuestros compa\u00f1er@s y maestr@s, nos hemos tenido que acostumbrar a ir &hellip; <a href=\"https:\/\/cpallo.educacion.navarra.es\/blog\/ciclo3\/2021\/02\/21\/volvemos-al-cole\/\">Sigue leyendo <span class=\"meta-nav\">&rarr;<\/span><\/a><\/p>\n","protected":false},"author":48,"featured_media":0,"comment_status":"open","ping_status":"open","sticky":false,"template":"","format":"standard","meta":[],"categories":[1],"tags":[],"_links":{"self":[{"href":"https:\/\/cpallo.educacion.navarra.es\/blog\/ciclo3\/wp-json\/wp\/v2\/posts\/27"}],"collection":[{"href":"https:\/\/cpallo.educacion.navarra.es\/blog\/ciclo3\/wp-json\/wp\/v2\/posts"}],"about":[{"href":"https:\/\/cpallo.educacion.navarra.es\/blog\/ciclo3\/wp-json\/wp\/v2\/types\/post"}],"author":[{"embeddable":true,"href":"https:\/\/cpallo.educacion.navarra.es\/blog\/ciclo3\/wp-json\/wp\/v2\/users\/48"}],"replies":[{"embeddable":true,"href":"https:\/\/cpallo.educacion.navarra.es\/blog\/ciclo3\/wp-json\/wp\/v2\/comments?post=27"}],"version-history":[{"count":1,"href":"https:\/\/cpallo.educacion.navarra.es\/blog\/ciclo3\/wp-json\/wp\/v2\/posts\/27\/revisions"}],"predecessor-version":[{"id":29,"href":"https:\/\/cpallo.educacion.navarra.es\/blog\/ciclo3\/wp-json\/wp\/v2\/posts\/27\/revisions\/29"}],"wp:attachment":[{"href":"https:\/\/cpallo.educacion.navarra.es\/blog\/ciclo3\/wp-json\/wp\/v2\/media?parent=27"}],"wp:term":[{"taxonomy":"category","embeddable":true,"href":"https:\/\/cpallo.educacion.navarra.es\/blog\/ciclo3\/wp-json\/wp\/v2\/categories?post=27"},{"taxonomy":"post_tag","embeddable":true,"href":"https:\/\/cpallo.educacion.navarra.es\/blog\/ciclo3\/wp-json\/wp\/v2\/tags?post=27"}],"curies":[{"name":"wp","href":"https:\/\/api.w.org\/{rel}","templated":true}]}}