{"id":199,"date":"2023-01-18T14:55:45","date_gmt":"2023-01-18T14:55:45","guid":{"rendered":"https:\/\/cpallo.educacion.navarra.es\/blog\/ciclo3\/?p=199"},"modified":"2023-01-18T14:55:45","modified_gmt":"2023-01-18T14:55:45","slug":"cuentame-un-cuento","status":"publish","type":"post","link":"https:\/\/cpallo.educacion.navarra.es\/blog\/ciclo3\/2023\/01\/18\/cuentame-un-cuento\/","title":{"rendered":"Cu\u00e9ntame un cuento"},"content":{"rendered":"\n<p>Despu\u00e9s de conocer c\u00f3mo se cuentan los cuentos, el alumnado de 6\u00ba de primaria eligi\u00f3 dos para cont\u00e1rselos a los y las alumnas de 3,4 y 5 a\u00f1os.<\/p>\n\n\n\n<p>Los cuentos elegidos fueron \u00abLa Caperucita Roja\u00bb y \u00abEl Gr\u00fafalo\u00bb. Lo hicieron genial y los m\u00e1s peques disfrutaron much\u00edsimo, tanto que volveremos a trabajar con ellos y ellas otro d\u00eda.<\/p>\n\n\n\n<p>Porque no es lo mismo leerlo que contarlo&#8230;\u00bbCU\u00c9NTAME UN CUENTO\u00bb<\/p>\n\n\n\n<p><a href=\"https:\/\/photos.app.goo.gl\/NQjiYkR34GFASVqb9\">GALER\u00cdA DE FOTOS<\/a><\/p>\n","protected":false},"excerpt":{"rendered":"<p>Despu\u00e9s de conocer c\u00f3mo se cuentan los cuentos, el alumnado de 6\u00ba de primaria eligi\u00f3 dos para cont\u00e1rselos a los y las alumnas de 3,4 y 5 a\u00f1os. Los cuentos elegidos fueron \u00abLa Caperucita Roja\u00bb y \u00abEl Gr\u00fafalo\u00bb. Lo hicieron &hellip; <a href=\"https:\/\/cpallo.educacion.navarra.es\/blog\/ciclo3\/2023\/01\/18\/cuentame-un-cuento\/\">Sigue leyendo <span class=\"meta-nav\">&rarr;<\/span><\/a><\/p>\n","protected":false},"author":20,"featured_media":0,"comment_status":"open","ping_status":"open","sticky":false,"template":"","format":"standard","meta":[],"categories":[1],"tags":[],"_links":{"self":[{"href":"https:\/\/cpallo.educacion.navarra.es\/blog\/ciclo3\/wp-json\/wp\/v2\/posts\/199"}],"collection":[{"href":"https:\/\/cpallo.educacion.navarra.es\/blog\/ciclo3\/wp-json\/wp\/v2\/posts"}],"about":[{"href":"https:\/\/cpallo.educacion.navarra.es\/blog\/ciclo3\/wp-json\/wp\/v2\/types\/post"}],"author":[{"embeddable":true,"href":"https:\/\/cpallo.educacion.navarra.es\/blog\/ciclo3\/wp-json\/wp\/v2\/users\/20"}],"replies":[{"embeddable":true,"href":"https:\/\/cpallo.educacion.navarra.es\/blog\/ciclo3\/wp-json\/wp\/v2\/comments?post=199"}],"version-history":[{"count":1,"href":"https:\/\/cpallo.educacion.navarra.es\/blog\/ciclo3\/wp-json\/wp\/v2\/posts\/199\/revisions"}],"predecessor-version":[{"id":200,"href":"https:\/\/cpallo.educacion.navarra.es\/blog\/ciclo3\/wp-json\/wp\/v2\/posts\/199\/revisions\/200"}],"wp:attachment":[{"href":"https:\/\/cpallo.educacion.navarra.es\/blog\/ciclo3\/wp-json\/wp\/v2\/media?parent=199"}],"wp:term":[{"taxonomy":"category","embeddable":true,"href":"https:\/\/cpallo.educacion.navarra.es\/blog\/ciclo3\/wp-json\/wp\/v2\/categories?post=199"},{"taxonomy":"post_tag","embeddable":true,"href":"https:\/\/cpallo.educacion.navarra.es\/blog\/ciclo3\/wp-json\/wp\/v2\/tags?post=199"}],"curies":[{"name":"wp","href":"https:\/\/api.w.org\/{rel}","templated":true}]}}