{"id":174,"date":"2020-09-24T16:53:00","date_gmt":"2020-09-24T16:53:00","guid":{"rendered":"http:\/\/cpallo.educacion.navarra.es\/blog\/ciclo2\/?p=174"},"modified":"2020-12-02T17:09:15","modified_gmt":"2020-12-02T17:09:15","slug":"vuelta-al-cole","status":"publish","type":"post","link":"https:\/\/cpallo.educacion.navarra.es\/blog\/ciclo2\/2020\/09\/24\/vuelta-al-cole\/","title":{"rendered":"Vuelta al cole"},"content":{"rendered":"\n<p class=\"has-medium-font-size\">Como todos los a\u00f1os, en Septiembre hemos vuelto al cole. Pero este curso es algo diferente. Hemos pasado mucho tiempo en casa confinados y ten\u00edamos muchas ganas de volver. Al principio se nos hac\u00eda raro tener que estar con la mascarilla, pero poco a poco nos vamos acostumbrando a estas nuevas medidas. Aqu\u00ed pod\u00e9is ver cu\u00e1nto hemos crecido. Estamos nervios@s pero con ganas de volver a aprender juntos.<\/p>\n\n\n\n<div class=\"wp-block-image\"><figure class=\"aligncenter size-large is-resized\"><img loading=\"lazy\" src=\"https:\/\/cpallo.educacion.navarra.es\/blog\/ciclo2\/files\/2020\/12\/resized_IMG_20200921_123440_246-1024x768.jpg\" alt=\"\" class=\"wp-image-175\" width=\"421\" height=\"316\" srcset=\"https:\/\/cpallo.educacion.navarra.es\/blog\/ciclo2\/files\/2020\/12\/resized_IMG_20200921_123440_246-1024x768.jpg 1024w, https:\/\/cpallo.educacion.navarra.es\/blog\/ciclo2\/files\/2020\/12\/resized_IMG_20200921_123440_246-300x225.jpg 300w, https:\/\/cpallo.educacion.navarra.es\/blog\/ciclo2\/files\/2020\/12\/resized_IMG_20200921_123440_246-768x576.jpg 768w, https:\/\/cpallo.educacion.navarra.es\/blog\/ciclo2\/files\/2020\/12\/resized_IMG_20200921_123440_246-1536x1152.jpg 1536w, https:\/\/cpallo.educacion.navarra.es\/blog\/ciclo2\/files\/2020\/12\/resized_IMG_20200921_123440_246-750x563.jpg 750w, https:\/\/cpallo.educacion.navarra.es\/blog\/ciclo2\/files\/2020\/12\/resized_IMG_20200921_123440_246.jpg 1632w\" sizes=\"(max-width: 421px) 100vw, 421px\" \/><\/figure><\/div>\n","protected":false},"excerpt":{"rendered":"<p>Como todos los a\u00f1os, en Septiembre hemos vuelto al cole. Pero este curso es algo diferente. Hemos pasado mucho tiempo en casa confinados y ten\u00edamos muchas ganas de volver. Al principio se nos hac\u00eda raro tener que estar con la mascarilla, pero poco a poco nos vamos acostumbrando a estas nuevas medidas. Aqu\u00ed pod\u00e9is ver &hellip; <\/p>\n<p><a class=\"more-link btn\" href=\"https:\/\/cpallo.educacion.navarra.es\/blog\/ciclo2\/2020\/09\/24\/vuelta-al-cole\/\">Continue reading<\/a><\/p>\n","protected":false},"author":12,"featured_media":0,"comment_status":"open","ping_status":"open","sticky":false,"template":"","format":"standard","meta":[],"categories":[1],"tags":[],"_links":{"self":[{"href":"https:\/\/cpallo.educacion.navarra.es\/blog\/ciclo2\/wp-json\/wp\/v2\/posts\/174"}],"collection":[{"href":"https:\/\/cpallo.educacion.navarra.es\/blog\/ciclo2\/wp-json\/wp\/v2\/posts"}],"about":[{"href":"https:\/\/cpallo.educacion.navarra.es\/blog\/ciclo2\/wp-json\/wp\/v2\/types\/post"}],"author":[{"embeddable":true,"href":"https:\/\/cpallo.educacion.navarra.es\/blog\/ciclo2\/wp-json\/wp\/v2\/users\/12"}],"replies":[{"embeddable":true,"href":"https:\/\/cpallo.educacion.navarra.es\/blog\/ciclo2\/wp-json\/wp\/v2\/comments?post=174"}],"version-history":[{"count":3,"href":"https:\/\/cpallo.educacion.navarra.es\/blog\/ciclo2\/wp-json\/wp\/v2\/posts\/174\/revisions"}],"predecessor-version":[{"id":178,"href":"https:\/\/cpallo.educacion.navarra.es\/blog\/ciclo2\/wp-json\/wp\/v2\/posts\/174\/revisions\/178"}],"wp:attachment":[{"href":"https:\/\/cpallo.educacion.navarra.es\/blog\/ciclo2\/wp-json\/wp\/v2\/media?parent=174"}],"wp:term":[{"taxonomy":"category","embeddable":true,"href":"https:\/\/cpallo.educacion.navarra.es\/blog\/ciclo2\/wp-json\/wp\/v2\/categories?post=174"},{"taxonomy":"post_tag","embeddable":true,"href":"https:\/\/cpallo.educacion.navarra.es\/blog\/ciclo2\/wp-json\/wp\/v2\/tags?post=174"}],"curies":[{"name":"wp","href":"https:\/\/api.w.org\/{rel}","templated":true}]}}