{"id":13,"date":"2011-11-10T16:50:27","date_gmt":"2011-11-10T16:50:27","guid":{"rendered":"http:\/\/cpallo.educacion.navarra.es\/blog\/ciclo2\/?p=13"},"modified":"2011-11-10T16:50:27","modified_gmt":"2011-11-10T16:50:27","slug":"mi-autobiografia","status":"publish","type":"post","link":"https:\/\/cpallo.educacion.navarra.es\/blog\/ciclo2\/2011\/11\/10\/mi-autobiografia\/","title":{"rendered":"Mi autobiograf\u00eda"},"content":{"rendered":"<p>Me llamo David Sarasola Santamar\u00eda. Tengo 9 a\u00f1os. Nac\u00ed el d\u00eda 8 de Marzo de 2002 en Estella. Vivo en Allo en la Calle Navarra, 8. Mi padre se llama Javier, mi madre Felisa y mi hermano Diego. Mi padre es alguacil y mi madre trabaja en Fanamoel. Estudio 4\u00ba de Educaci\u00f3n Primaria en el Colegio P\u00fablico \u00abLa Cruz\u00bb de Allo. Mis asignaturas preferidas son Educaci\u00f3n F\u00edsica y Pl\u00e1stica. Hablo y escribo en castellano, un poco en ingl\u00e9s y menos en euskera. Mis aficiones favoritas son el f\u00fatbol, balonmano, skate y tocar el saxof\u00f3n. Mis amigos son Eduardo, Mohamed, Jes\u00fas, Sergio, Javier y Miguel.<\/p>\n<p>                                                                             David 4\u00ba EP<\/p>\n","protected":false},"excerpt":{"rendered":"<p>Me llamo David Sarasola Santamar\u00eda. Tengo 9 a\u00f1os. Nac\u00ed el d\u00eda 8 de Marzo de 2002 en Estella. Vivo en Allo en la Calle Navarra, 8. Mi padre se llama Javier, mi madre Felisa y mi hermano Diego. Mi padre es alguacil y mi madre trabaja en Fanamoel. Estudio 4\u00ba de Educaci\u00f3n Primaria en el &hellip; <\/p>\n<p><a class=\"more-link btn\" href=\"https:\/\/cpallo.educacion.navarra.es\/blog\/ciclo2\/2011\/11\/10\/mi-autobiografia\/\">Continue reading<\/a><\/p>\n","protected":false},"author":10,"featured_media":0,"comment_status":"open","ping_status":"open","sticky":false,"template":"","format":"standard","meta":[],"categories":[1],"tags":[],"_links":{"self":[{"href":"https:\/\/cpallo.educacion.navarra.es\/blog\/ciclo2\/wp-json\/wp\/v2\/posts\/13"}],"collection":[{"href":"https:\/\/cpallo.educacion.navarra.es\/blog\/ciclo2\/wp-json\/wp\/v2\/posts"}],"about":[{"href":"https:\/\/cpallo.educacion.navarra.es\/blog\/ciclo2\/wp-json\/wp\/v2\/types\/post"}],"author":[{"embeddable":true,"href":"https:\/\/cpallo.educacion.navarra.es\/blog\/ciclo2\/wp-json\/wp\/v2\/users\/10"}],"replies":[{"embeddable":true,"href":"https:\/\/cpallo.educacion.navarra.es\/blog\/ciclo2\/wp-json\/wp\/v2\/comments?post=13"}],"version-history":[{"count":1,"href":"https:\/\/cpallo.educacion.navarra.es\/blog\/ciclo2\/wp-json\/wp\/v2\/posts\/13\/revisions"}],"predecessor-version":[{"id":14,"href":"https:\/\/cpallo.educacion.navarra.es\/blog\/ciclo2\/wp-json\/wp\/v2\/posts\/13\/revisions\/14"}],"wp:attachment":[{"href":"https:\/\/cpallo.educacion.navarra.es\/blog\/ciclo2\/wp-json\/wp\/v2\/media?parent=13"}],"wp:term":[{"taxonomy":"category","embeddable":true,"href":"https:\/\/cpallo.educacion.navarra.es\/blog\/ciclo2\/wp-json\/wp\/v2\/categories?post=13"},{"taxonomy":"post_tag","embeddable":true,"href":"https:\/\/cpallo.educacion.navarra.es\/blog\/ciclo2\/wp-json\/wp\/v2\/tags?post=13"}],"curies":[{"name":"wp","href":"https:\/\/api.w.org\/{rel}","templated":true}]}}