{"id":201,"date":"2025-04-15T12:02:56","date_gmt":"2025-04-15T12:02:56","guid":{"rendered":"https:\/\/cpallo.educacion.navarra.es\/blog\/5a-1\/?p=201"},"modified":"2025-04-15T12:02:56","modified_gmt":"2025-04-15T12:02:56","slug":"poesia-ilustrada-la-primavera-gloria-fuertes","status":"publish","type":"post","link":"https:\/\/cpallo.educacion.navarra.es\/blog\/5a-1\/2025\/04\/15\/poesia-ilustrada-la-primavera-gloria-fuertes\/","title":{"rendered":"POES\u00cdA ILUSTRADA \u00abLA PRIMAVERA\u00bb GLORIA FUERTES"},"content":{"rendered":"\n<p>Celebramos la llegada de la primavera con una poes\u00eda ilustrada basada en el poema de nuestra entra\u00f1able Gloria Fuertes. El campo esta precioso, lleno de color, florecen las flores y alegra nuestro coraz\u00f3n. Con esta propuesta trabajamos el lenguaje oral, la memoria, la lecto-escritura y diversas t\u00e9cnicas pl\u00e1sticas. Adem\u00e1s traemos un trocito de campo a nuestro cole con flores que encontramos en nuestro entorno, que despiertan nuestros sentidos.<img class=\"wp-image-207\" style=\"width: NaNpx;\" src=\"https:\/\/cpallo.educacion.navarra.es\/blog\/5a-1\/files\/2025\/04\/MURAL-LA-PRIMAVERA.pdf\" alt=\"\"><\/p>\n","protected":false},"excerpt":{"rendered":"<p>Celebramos la llegada de la primavera con una poes\u00eda ilustrada basada en el poema de nuestra entra\u00f1able Gloria Fuertes. El campo esta precioso, lleno de color, florecen las flores y alegra nuestro coraz\u00f3n. Con esta propuesta trabajamos el lenguaje oral, la memoria, la lecto-escritura y diversas t\u00e9cnicas pl\u00e1sticas. Adem\u00e1s traemos un trocito de campo a &hellip; <\/p>\n<p class=\"link-more\"><a href=\"https:\/\/cpallo.educacion.navarra.es\/blog\/5a-1\/2025\/04\/15\/poesia-ilustrada-la-primavera-gloria-fuertes\/\" class=\"more-link\">Continuar leyendo<span class=\"screen-reader-text\"> \u00abPOES\u00cdA ILUSTRADA \u00abLA PRIMAVERA\u00bb GLORIA FUERTES\u00bb<\/span><\/a><\/p>\n","protected":false},"author":85,"featured_media":209,"comment_status":"open","ping_status":"open","sticky":false,"template":"","format":"standard","meta":[],"categories":[1],"tags":[],"_links":{"self":[{"href":"https:\/\/cpallo.educacion.navarra.es\/blog\/5a-1\/wp-json\/wp\/v2\/posts\/201"}],"collection":[{"href":"https:\/\/cpallo.educacion.navarra.es\/blog\/5a-1\/wp-json\/wp\/v2\/posts"}],"about":[{"href":"https:\/\/cpallo.educacion.navarra.es\/blog\/5a-1\/wp-json\/wp\/v2\/types\/post"}],"author":[{"embeddable":true,"href":"https:\/\/cpallo.educacion.navarra.es\/blog\/5a-1\/wp-json\/wp\/v2\/users\/85"}],"replies":[{"embeddable":true,"href":"https:\/\/cpallo.educacion.navarra.es\/blog\/5a-1\/wp-json\/wp\/v2\/comments?post=201"}],"version-history":[{"count":2,"href":"https:\/\/cpallo.educacion.navarra.es\/blog\/5a-1\/wp-json\/wp\/v2\/posts\/201\/revisions"}],"predecessor-version":[{"id":210,"href":"https:\/\/cpallo.educacion.navarra.es\/blog\/5a-1\/wp-json\/wp\/v2\/posts\/201\/revisions\/210"}],"wp:featuredmedia":[{"embeddable":true,"href":"https:\/\/cpallo.educacion.navarra.es\/blog\/5a-1\/wp-json\/wp\/v2\/media\/209"}],"wp:attachment":[{"href":"https:\/\/cpallo.educacion.navarra.es\/blog\/5a-1\/wp-json\/wp\/v2\/media?parent=201"}],"wp:term":[{"taxonomy":"category","embeddable":true,"href":"https:\/\/cpallo.educacion.navarra.es\/blog\/5a-1\/wp-json\/wp\/v2\/categories?post=201"},{"taxonomy":"post_tag","embeddable":true,"href":"https:\/\/cpallo.educacion.navarra.es\/blog\/5a-1\/wp-json\/wp\/v2\/tags?post=201"}],"curies":[{"name":"wp","href":"https:\/\/api.w.org\/{rel}","templated":true}]}}